{
    "id": 4985,
    "date": "2025-06-05T22:50:18",
    "date_gmt": "2025-06-05T22:50:18",
    "guid": {
        "rendered": "https:\/\/salkantayhikingperu.com\/?p=4985"
    },
    "modified": "2025-06-07T13:54:12",
    "modified_gmt": "2025-06-07T13:54:12",
    "slug": "fiestas-jubilares-de-cusco",
    "status": "publish",
    "type": "post",
    "link": "https:\/\/www.salkantayhikingperu.com\/es\/fiestas-jubilares-de-cusco\/",
    "title": {
        "rendered": "Fiestas jubilares de Cusco"
    },
    "content": {
        "rendered": "<div data-elementor-type=\"wp-post\" data-elementor-id=\"4985\" class=\"elementor elementor-4985\" data-elementor-post-type=\"post\">\n\t\t\t\t<div class=\"elementor-element elementor-element-a6d2e5a e-flex e-con-boxed e-con e-parent\" data-id=\"a6d2e5a\" data-element_type=\"container\" data-e-type=\"container\">\n\t\t\t\t\t<div class=\"e-con-inner\">\n\t\t<div class=\"elementor-element elementor-element-1568e7b e-con-full e-flex e-con e-child\" data-id=\"1568e7b\" data-element_type=\"container\" data-e-type=\"container\">\n\t\t\t\t<div class=\"elementor-element elementor-element-39e2f0c elementor-widget elementor-widget-text-editor\" data-id=\"39e2f0c\" data-element_type=\"widget\" data-e-type=\"widget\" data-widget_type=\"text-editor.default\">\n\t\t\t\t<div class=\"elementor-widget-container\">\n\t\t\t\t\t\t\t\t\t<h1>Festividades de la ciudad imperial de Cusco<\/h1><p>Las<strong> fiestas jubilares de Cusc<\/strong>o son una serie de eventos culturales, c\u00edvicos y religiosas que se llevan a cabo todo el mes junio, todo eso se realiza en el centro hist\u00f3rico y a los alrededores de la ciudadela inca.<\/p><p><img decoding=\"async\" src=\"https:\/\/cosasbucket.s3.amazonaws.com\/wp-content\/uploads\/2021\/06\/24102448\/E00642AA-AE5C-4726-B91C-BE214BEF5B5B.jpeg\" alt=\"Inti Raymi: Conoce todo sobre la festividad andina celebrada cada 24 de  junio\" \/><\/p>\t\t\t\t\t\t\t\t<\/div>\n\t\t\t\t<\/div>\n\t\t\t\t<div class=\"elementor-element elementor-element-8cae7f0 elementor-icon-list--layout-traditional elementor-list-item-link-full_width elementor-widget elementor-widget-icon-list\" data-id=\"8cae7f0\" data-element_type=\"widget\" data-e-type=\"widget\" data-widget_type=\"icon-list.default\">\n\t\t\t\t<div class=\"elementor-widget-container\">\n\t\t\t\t\t\t\t<ul class=\"elementor-icon-list-items\">\n\t\t\t\t\t\t\t<li class=\"elementor-icon-list-item\">\n\t\t\t\t\t\t\t\t\t\t\t<span class=\"elementor-icon-list-icon\">\n\t\t\t\t\t\t\t<i aria-hidden=\"true\" class=\"far fa-calendar-alt\"><\/i>\t\t\t\t\t\t<\/span>\n\t\t\t\t\t\t\t\t\t\t<span class=\"elementor-icon-list-text\">\u00bfCuando ocurre este evento?<\/span>\n\t\t\t\t\t\t\t\t\t<\/li>\n\t\t\t\t\t\t<\/ul>\n\t\t\t\t\t\t<\/div>\n\t\t\t\t<\/div>\n\t\t\t\t<div class=\"elementor-element elementor-element-cefb6e4 elementor-widget elementor-widget-text-editor\" data-id=\"cefb6e4\" data-element_type=\"widget\" data-e-type=\"widget\" data-widget_type=\"text-editor.default\">\n\t\t\t\t<div class=\"elementor-widget-container\">\n\t\t\t\t\t\t\t\t\t<p>Este evento se desarrolla durante todo el mes de junio culminando con la gran festividad del (Inti Raymi 24 de Junio) d\u00eda del solsticio de invierno en el hemisferio sur tambi\u00e9n ese mismo d\u00eda se celebra a los campesinos.<\/p>\t\t\t\t\t\t\t\t<\/div>\n\t\t\t\t<\/div>\n\t\t\t\t<div class=\"elementor-element elementor-element-2401ae7 elementor-widget elementor-widget-heading\" data-id=\"2401ae7\" data-element_type=\"widget\" data-e-type=\"widget\" data-widget_type=\"heading.default\">\n\t\t\t\t<div class=\"elementor-widget-container\">\n\t\t\t\t\t<h2 class=\"elementor-heading-title elementor-size-default\">Principales actividades <\/h2>\t\t\t\t<\/div>\n\t\t\t\t<\/div>\n\t\t\t\t<div class=\"elementor-element elementor-element-dabdf0f elementor-widget elementor-widget-text-editor\" data-id=\"dabdf0f\" data-element_type=\"widget\" data-e-type=\"widget\" data-widget_type=\"text-editor.default\">\n\t\t\t\t<div class=\"elementor-widget-container\">\n\t\t\t\t\t\t\t\t\t<ol><li><strong>Ceremonia en el Qoricancha<\/strong><\/li><\/ol><ul><li>se hace al inicio del mes de junio con danzas t\u00edpicas rituales incas<\/li><\/ul><p><strong>2. Desfiles escolares,\u00a0 instituciones y militares<\/strong><\/p><ul><li>en el trascurso del mes las instituciones salen a desfilar brindando homenaje a la ciudad imperial en la plaza de armas.<\/li><\/ul><p><strong>3. Festividad de danzas t\u00edpicas<\/strong><\/p><ul><li>agrupaciones folcl\u00f3ricas de distintas distritos provincias vienen a rendir homenaje a ciudad Cusco.<\/li><\/ul><p><strong>4.\u00a0 \u00a0Noche de Cusco\u00a0<\/strong><\/p><ul><li>normalmente esto se celebra el 23 de junio con m\u00fasica baile sonido, luces y fuegos artificiales.<\/li><\/ul><p><strong>5. Inti Raymi (24 de junio)<\/strong><\/p><ul><li>la representaci\u00f3n mas importante en cusco, puesta escena de la ceremonia incaica de adoraci\u00f3n al sol realizada en 3 escenarios:<\/li><li>Qoricancha<\/li><li>Plaza mayor\u00a0<\/li><li>Sacsayhuaman\u00a0<\/li><\/ul>\t\t\t\t\t\t\t\t<\/div>\n\t\t\t\t<\/div>\n\t\t\t\t<div class=\"elementor-element elementor-element-25ab4aa elementor-icon-list--layout-traditional elementor-list-item-link-full_width elementor-widget elementor-widget-icon-list\" data-id=\"25ab4aa\" data-element_type=\"widget\" data-e-type=\"widget\" data-widget_type=\"icon-list.default\">\n\t\t\t\t<div class=\"elementor-widget-container\">\n\t\t\t\t\t\t\t<ul class=\"elementor-icon-list-items\">\n\t\t\t\t\t\t\t<li class=\"elementor-icon-list-item\">\n\t\t\t\t\t\t\t\t\t\t\t<span class=\"elementor-icon-list-icon\">\n\t\t\t\t\t\t\t<i aria-hidden=\"true\" class=\"fas fa-hand-sparkles\"><\/i>\t\t\t\t\t\t<\/span>\n\t\t\t\t\t\t\t\t\t\t<span class=\"elementor-icon-list-text\">significado cultural<\/span>\n\t\t\t\t\t\t\t\t\t<\/li>\n\t\t\t\t\t\t<\/ul>\n\t\t\t\t\t\t<\/div>\n\t\t\t\t<\/div>\n\t\t\t\t<div class=\"elementor-element elementor-element-a4f9812 elementor-widget elementor-widget-text-editor\" data-id=\"a4f9812\" data-element_type=\"widget\" data-e-type=\"widget\" data-widget_type=\"text-editor.default\">\n\t\t\t\t<div class=\"elementor-widget-container\">\n\t\t\t\t\t\t\t\t\t<p>Para los cusque\u00f1os y peruanos es un orgullo cultural que tenemos el legado incaico, es una forma de mantener viva nuestra identidad cultural y as\u00ed mismo atraer al turismo nacional y internacional.<\/p>\t\t\t\t\t\t\t\t<\/div>\n\t\t\t\t<\/div>\n\t\t\t\t<div class=\"elementor-element elementor-element-261f9a7 elementor-icon-list--layout-traditional elementor-list-item-link-full_width elementor-widget elementor-widget-icon-list\" data-id=\"261f9a7\" data-element_type=\"widget\" data-e-type=\"widget\" data-widget_type=\"icon-list.default\">\n\t\t\t\t<div class=\"elementor-widget-container\">\n\t\t\t\t\t\t\t<ul class=\"elementor-icon-list-items\">\n\t\t\t\t\t\t\t<li class=\"elementor-icon-list-item\">\n\t\t\t\t\t\t\t\t\t\t\t<span class=\"elementor-icon-list-icon\">\n\t\t\t\t\t\t\t<i aria-hidden=\"true\" class=\"fas fa-hand-point-right\"><\/i>\t\t\t\t\t\t<\/span>\n\t\t\t\t\t\t\t\t\t\t<span class=\"elementor-icon-list-text\">\u00bf hacer para ver de cerca el Inti Raymi?<\/span>\n\t\t\t\t\t\t\t\t\t<\/li>\n\t\t\t\t\t\t<\/ul>\n\t\t\t\t\t\t<\/div>\n\t\t\t\t<\/div>\n\t\t\t\t<div class=\"elementor-element elementor-element-69506cb elementor-widget elementor-widget-text-editor\" data-id=\"69506cb\" data-element_type=\"widget\" data-e-type=\"widget\" data-widget_type=\"text-editor.default\">\n\t\t\t\t<div class=\"elementor-widget-container\">\n\t\t\t\t\t\t\t\t\t<p>para poder asistir se pone en venta butacas en la pagina oficial del gobierno\u00a0<a href=\"https:\/\/prime.joinnus.com\/detail\/saqsaywaman-inti-raymi-2025\">https:\/\/prime.joinnus.com\/detail\/saqsaywaman-inti-raymi-2025<\/a> \u00a0 o mediante o agencia de viajes\u00a0<a href=\"https:\/\/www.salkantayhikingperu.com\">http:\/\/salkantayhikingperu.com<\/a> o ver desde el espacio para publico en general sin costo alguno acudir bien temprano.<\/p><p><img decoding=\"async\" src=\"https:\/\/plazanorte.pe\/wp-content\/uploads\/2024\/06\/31bc28b8-0fe0-4c57-a909-822abd2fc2e6-1024x682.jpeg\" alt=\"CONOCE TODO SOBRE EL INTI RAYMI Y LA FIESTA DE SAN JUAN! - Plazanorte\" \/><\/p>\t\t\t\t\t\t\t\t<\/div>\n\t\t\t\t<\/div>\n\t\t\t\t<div class=\"elementor-element elementor-element-b26da5a elementor-widget elementor-widget-text-editor\" data-id=\"b26da5a\" data-element_type=\"widget\" data-e-type=\"widget\" data-widget_type=\"text-editor.default\">\n\t\t\t\t<div class=\"elementor-widget-container\">\n\t\t\t\t\t\t\t\t\t<p>\u00bfte gustar\u00eda saber mas sobre las fiestas de Cusco o una orientaci\u00f3n personal cont\u00e1ctanos al?<\/p>\t\t\t\t\t\t\t\t<\/div>\n\t\t\t\t<\/div>\n\t\t\t\t<div class=\"elementor-element elementor-element-b97e880 elementor-widget elementor-widget-button\" data-id=\"b97e880\" data-element_type=\"widget\" data-e-type=\"widget\" data-widget_type=\"button.default\">\n\t\t\t\t<div class=\"elementor-widget-container\">\n\t\t\t\t\t\t\t\t\t<div class=\"elementor-button-wrapper\">\n\t\t\t\t\t<a class=\"elementor-button elementor-button-link elementor-size-sm\" href=\"http:\/\/wa.me\/+51963400257\">\n\t\t\t\t\t\t<span class=\"elementor-button-content-wrapper\">\n\t\t\t\t\t\t\t\t\t<span class=\"elementor-button-text\">Haz clic aqu\u00ed<\/span>\n\t\t\t\t\t<\/span>\n\t\t\t\t\t<\/a>\n\t\t\t\t<\/div>\n\t\t\t\t\t\t\t\t<\/div>\n\t\t\t\t<\/div>\n\t\t\t\t<\/div>\n\t\t\t\t\t<\/div>\n\t\t\t\t<\/div>\n\t\t\t\t<\/div>",
        "protected": false
    },
    "excerpt": {
        "rendered": "<p>Festividades de la ciudad imperial de Cusco Las fiestas jubilares de Cusco son una serie de eventos culturales, c\u00edvicos y religiosas que se llevan a cabo todo el mes junio, todo eso se realiza en el centro hist\u00f3rico y a los alrededores de la ciudadela inca. \u00bfCuando ocurre este evento? Este evento se desarrolla durante &#8230; <a title=\"Fiestas jubilares de Cusco\" class=\"read-more\" href=\"https:\/\/www.salkantayhikingperu.com\/es\/fiestas-jubilares-de-cusco\/\" aria-label=\"Read more about Fiestas jubilares de Cusco\">Read more<\/a><\/p>",
        "protected": false
    },
    "author": 5,
    "featured_media": 0,
    "comment_status": "open",
    "ping_status": "open",
    "sticky": false,
    "template": "",
    "format": "standard",
    "meta": {
        "footnotes": ""
    },
    "categories": [
        1
    ],
    "tags": [],
    "class_list": [
        "post-4985",
        "post",
        "type-post",
        "status-publish",
        "format-standard",
        "hentry",
        "category-uncategorized"
    ],
    "_links": {
        "self": [
            {
                "href": "https:\/\/www.salkantayhikingperu.com\/es\/wp-json\/wp\/v2\/posts\/4985",
                "targetHints": {
                    "allow": [
                        "GET"
                    ]
                }
            }
        ],
        "collection": [
            {
                "href": "https:\/\/www.salkantayhikingperu.com\/es\/wp-json\/wp\/v2\/posts"
            }
        ],
        "about": [
            {
                "href": "https:\/\/www.salkantayhikingperu.com\/es\/wp-json\/wp\/v2\/types\/post"
            }
        ],
        "author": [
            {
                "embeddable": true,
                "href": "https:\/\/www.salkantayhikingperu.com\/es\/wp-json\/wp\/v2\/users\/5"
            }
        ],
        "replies": [
            {
                "embeddable": true,
                "href": "https:\/\/www.salkantayhikingperu.com\/es\/wp-json\/wp\/v2\/comments?post=4985"
            }
        ],
        "version-history": [
            {
                "count": 11,
                "href": "https:\/\/www.salkantayhikingperu.com\/es\/wp-json\/wp\/v2\/posts\/4985\/revisions"
            }
        ],
        "predecessor-version": [
            {
                "id": 4999,
                "href": "https:\/\/www.salkantayhikingperu.com\/es\/wp-json\/wp\/v2\/posts\/4985\/revisions\/4999"
            }
        ],
        "wp:attachment": [
            {
                "href": "https:\/\/www.salkantayhikingperu.com\/es\/wp-json\/wp\/v2\/media?parent=4985"
            }
        ],
        "wp:term": [
            {
                "taxonomy": "category",
                "embeddable": true,
                "href": "https:\/\/www.salkantayhikingperu.com\/es\/wp-json\/wp\/v2\/categories?post=4985"
            },
            {
                "taxonomy": "post_tag",
                "embeddable": true,
                "href": "https:\/\/www.salkantayhikingperu.com\/es\/wp-json\/wp\/v2\/tags?post=4985"
            }
        ],
        "curies": [
            {
                "name": "wp",
                "href": "https:\/\/api.w.org\/{rel}",
                "templated": true
            }
        ]
    }
}